{"id":7230,"date":"2024-03-05T00:36:08","date_gmt":"2024-03-05T00:36:08","guid":{"rendered":"https:\/\/ibrahimgul.com\/?p=7230"},"modified":"2024-03-05T01:16:23","modified_gmt":"2024-03-05T01:16:23","slug":"gazi-abdurrahman-pasa-turbesi-cevre-duzenleme-ve-peyzaj-calismasi-yapildi","status":"publish","type":"post","link":"https:\/\/ibrahimgul.com\/?p=7230","title":{"rendered":"Gazi Abdurrahman Pa\u015fa T\u00fcrbesi \u00c7evre D\u00fczenleme ve Peyzaj \u00c7al\u0131\u015fmas\u0131 Yap\u0131ld\u0131"},"content":{"rendered":"<h2>\u201cTarihe Sayg\u0131, An\u0131ya Vefa\u201d<\/h2>\n<p>Gazi Abdurrahman Pa\u015fa T\u00fcrbesi, Belen&#8217;in tarihine \u0131\u015f\u0131k tutan ve k\u00fclt\u00fcrel bir miras olarak \u00f6nemli bir yere sahip olan bir yap\u0131d\u0131r. Bu de\u011ferli tarihi eserin \u00e7evresinde ger\u00e7ekle\u015ftirilen \u00e7evre d\u00fczenleme ve peyzaj \u00e7al\u0131\u015fmalar\u0131, t\u00fcrbenin atmosferini g\u00fczelle\u015ftirerek ziyaret\u00e7ilere daha huzurlu ve manevi bir ortam sunmay\u0131 ama\u00e7lamaktad\u0131r.<\/p>\n<p>Yap\u0131lan \u00e7al\u0131\u015fmalar\u0131n \u00f6ncelikli hedeflerinden biri, t\u00fcrbenin tarihi dokusuna uygun bir \u00e7evre yaratmakt\u0131r. Bu do\u011frultuda, t\u00fcrbenin mimarisine uygun peyzaj d\u00fczenlemeleri yap\u0131larak, tarihi ve estetik bir atmosfer olu\u015fturulmu\u015ftur. Ayn\u0131 zamanda, modern tasar\u0131mlarla harmanlanan bu \u00e7al\u0131\u015fmalar, t\u00fcrbenin \u00e7evresini daha \u00e7a\u011fda\u015f ve estetik bir hale getirerek ziyaret\u00e7ilere ho\u015f bir deneyim sunmaktad\u0131r.<\/p>\n<p>\u00c7evre d\u00fczenleme ve peyzaj \u00e7al\u0131\u015fmalar\u0131yla olu\u015fturulan yeni atmosfer, ziyaret\u00e7ilere sadece bir tarihi yap\u0131y\u0131 ziyaret etmekle kalmay\u0131p, ayn\u0131 zamanda ge\u00e7mi\u015fle ba\u011f kurma ve meditasyon yapma imkan\u0131 sunmaktad\u0131r. T\u00fcrbenin etraf\u0131ndaki ye\u015fil alanlar ve d\u00fczenlenmi\u015f oturma alanlar\u0131, ziyaret\u00e7ilere dingin bir ortam sa\u011flayarak ruhsal bir deneyim ya\u015famalar\u0131na imkan tan\u0131maktad\u0131r.<\/p>\n<p>Bu \u00e7al\u0131\u015fmalar\u0131n sonucunda, Gazi Abdurrahman Pa\u015fa T\u00fcrbesi&#8217;nin \u00e7evresi art\u0131k daha estetik ve huzurlu bir ortama d\u00f6n\u00fc\u015fm\u00fc\u015ft\u00fcr. Yap\u0131lan d\u00fczenlemeler, tarihi miras\u0131n korunmas\u0131 ve ziyaret\u00e7ilere daha iyi bir deneyim sunulmas\u0131 ad\u0131na \u00f6nemli bir ad\u0131m olmu\u015ftur. T\u00fcrbenin \u00e7evresindeki bu g\u00fczel atmosfer, ziyaret\u00e7ilerin sadece tarihle de\u011fil, ayn\u0131 zamanda do\u011fayla da i\u00e7 i\u00e7e olmalar\u0131n\u0131 sa\u011flayarak anlaml\u0131 bir deneyim ya\u015famalar\u0131na katk\u0131 sa\u011flamaktad\u0131r.<\/p>\n<p>Gazi Abdurrahman Pa\u015fa T\u00fcrbesi&#8217;nin \u00e7evresinde ger\u00e7ekle\u015ftirilen \u00e7evre d\u00fczenleme ve peyzaj \u00e7al\u0131\u015fmalar\u0131, Belen&#8217;in tarihine ve k\u00fclt\u00fcrel miras\u0131na olan sayg\u0131n\u0131n bir ifadesidir. Bu \u00e7al\u0131\u015fmalarla, tarihi miras\u0131m\u0131z\u0131n korunmas\u0131 ve gelecek nesillere aktar\u0131lmas\u0131 sa\u011flan\u0131rken, ziyaret\u00e7ilere daha g\u00fczel ve anlaml\u0131 bir deneyim sunulmaktad\u0131r.<\/p>\n","protected":false},"excerpt":{"rendered":"<p>\u201cTarihe Sayg\u0131, An\u0131ya Vefa\u201d Gazi Abdurrahman Pa\u015fa T\u00fcrbesi, Belen&#8217;in tarihine \u0131\u015f\u0131k tutan ve k\u00fclt\u00fcrel bir miras olarak \u00f6nemli bir yere sahip olan bir yap\u0131d\u0131r. Bu de\u011ferli tarihi eserin \u00e7evresinde ger\u00e7ekle\u015ftirilen \u00e7evre d\u00fczenleme ve peyzaj \u00e7al\u0131\u015fmalar\u0131, t\u00fcrbenin atmosferini g\u00fczelle\u015ftirerek ziyaret\u00e7ilere daha huzurlu ve manevi bir ortam sunmay\u0131 ama\u00e7lamaktad\u0131r. Yap\u0131lan \u00e7al\u0131\u015fmalar\u0131n \u00f6ncelikli hedeflerinden biri, t\u00fcrbenin tarihi dokusuna<\/p>\n","protected":false},"author":2,"featured_media":7135,"comment_status":"closed","ping_status":"open","sticky":false,"template":"","format":"standard","meta":{"footnotes":""},"categories":[1],"tags":[],"class_list":["post-7230","post","type-post","status-publish","format-standard","has-post-thumbnail","hentry","category-uncategorized"],"yoast_head":"<!-- This site is optimized with the Yoast SEO plugin v22.0 - https:\/\/yoast.com\/wordpress\/plugins\/seo\/ -->\n<title>Gazi Abdurrahman Pa\u015fa T\u00fcrbesi \u00c7evre D\u00fczenleme ve Peyzaj \u00c7al\u0131\u015fmas\u0131 Yap\u0131ld\u0131 - \u0130brahim G\u00dcL \/ MHP Belen Belediye Ba\u015fkan Aday\u0131<\/title>\n<meta name=\"robots\" content=\"noindex, follow, max-snippet:-1, max-image-preview:large, max-video-preview:-1\" \/>\n<meta property=\"og:locale\" content=\"tr_TR\" \/>\n<meta property=\"og:type\" content=\"article\" \/>\n<meta property=\"og:title\" content=\"Gazi Abdurrahman Pa\u015fa T\u00fcrbesi \u00c7evre D\u00fczenleme ve Peyzaj \u00c7al\u0131\u015fmas\u0131 Yap\u0131ld\u0131 - \u0130brahim G\u00dcL \/ MHP Belen Belediye Ba\u015fkan Aday\u0131\" \/>\n<meta property=\"og:description\" content=\"\u201cTarihe Sayg\u0131, An\u0131ya Vefa\u201d Gazi Abdurrahman Pa\u015fa T\u00fcrbesi, Belen&#8217;in tarihine \u0131\u015f\u0131k tutan ve k\u00fclt\u00fcrel bir miras olarak \u00f6nemli bir yere sahip olan bir yap\u0131d\u0131r. Bu de\u011ferli tarihi eserin \u00e7evresinde ger\u00e7ekle\u015ftirilen \u00e7evre d\u00fczenleme ve peyzaj \u00e7al\u0131\u015fmalar\u0131, t\u00fcrbenin atmosferini g\u00fczelle\u015ftirerek ziyaret\u00e7ilere daha huzurlu ve manevi bir ortam sunmay\u0131 ama\u00e7lamaktad\u0131r. Yap\u0131lan \u00e7al\u0131\u015fmalar\u0131n \u00f6ncelikli hedeflerinden biri, t\u00fcrbenin tarihi dokusuna\" \/>\n<meta property=\"og:url\" content=\"https:\/\/ibrahimgul.com\/?p=7230\" \/>\n<meta property=\"og:site_name\" content=\"\u0130brahim G\u00dcL \/ MHP Belen Belediye Ba\u015fkan Aday\u0131\" \/>\n<meta property=\"article:published_time\" content=\"2024-03-05T00:36:08+00:00\" \/>\n<meta property=\"article:modified_time\" content=\"2024-03-05T01:16:23+00:00\" \/>\n<meta property=\"og:image\" content=\"https:\/\/ibrahimgul.com\/wp-content\/uploads\/2024\/03\/foto6.png\" \/>\n\t<meta property=\"og:image:width\" content=\"1920\" \/>\n\t<meta property=\"og:image:height\" content=\"1080\" \/>\n\t<meta property=\"og:image:type\" content=\"image\/png\" \/>\n<meta name=\"author\" content=\"omer\" \/>\n<meta name=\"twitter:card\" content=\"summary_large_image\" \/>\n<meta name=\"twitter:label1\" content=\"Yazan:\" \/>\n\t<meta name=\"twitter:data1\" content=\"omer\" \/>\n\t<meta name=\"twitter:label2\" content=\"Tahmini okuma s\u00fcresi\" \/>\n\t<meta name=\"twitter:data2\" content=\"2 dakika\" \/>\n<script type=\"application\/ld+json\" class=\"yoast-schema-graph\">{\"@context\":\"https:\/\/schema.org\",\"@graph\":[{\"@type\":\"WebPage\",\"@id\":\"https:\/\/ibrahimgul.com\/?p=7230\",\"url\":\"https:\/\/ibrahimgul.com\/?p=7230\",\"name\":\"Gazi Abdurrahman Pa\u015fa T\u00fcrbesi \u00c7evre D\u00fczenleme ve Peyzaj \u00c7al\u0131\u015fmas\u0131 Yap\u0131ld\u0131 - \u0130brahim G\u00dcL \/ MHP Belen Belediye Ba\u015fkan Aday\u0131\",\"isPartOf\":{\"@id\":\"https:\/\/ibrahimgul.com\/#website\"},\"datePublished\":\"2024-03-05T00:36:08+00:00\",\"dateModified\":\"2024-03-05T01:16:23+00:00\",\"author\":{\"@id\":\"https:\/\/ibrahimgul.com\/#\/schema\/person\/16f3c74607ea040f54b01202ebc33d64\"},\"breadcrumb\":{\"@id\":\"https:\/\/ibrahimgul.com\/?p=7230#breadcrumb\"},\"inLanguage\":\"tr\",\"potentialAction\":[{\"@type\":\"ReadAction\",\"target\":[\"https:\/\/ibrahimgul.com\/?p=7230\"]}]},{\"@type\":\"BreadcrumbList\",\"@id\":\"https:\/\/ibrahimgul.com\/?p=7230#breadcrumb\",\"itemListElement\":[{\"@type\":\"ListItem\",\"position\":1,\"name\":\"Anasayfa\",\"item\":\"https:\/\/ibrahimgul.com\/\"},{\"@type\":\"ListItem\",\"position\":2,\"name\":\"Gazi Abdurrahman Pa\u015fa T\u00fcrbesi \u00c7evre D\u00fczenleme ve Peyzaj \u00c7al\u0131\u015fmas\u0131 Yap\u0131ld\u0131\"}]},{\"@type\":\"WebSite\",\"@id\":\"https:\/\/ibrahimgul.com\/#website\",\"url\":\"https:\/\/ibrahimgul.com\/\",\"name\":\"\u0130brahim G\u00dcL \/ MHP Belen Belediye Ba\u015fkan Aday\u0131\",\"description\":\"\",\"potentialAction\":[{\"@type\":\"SearchAction\",\"target\":{\"@type\":\"EntryPoint\",\"urlTemplate\":\"https:\/\/ibrahimgul.com\/?s={search_term_string}\"},\"query-input\":\"required name=search_term_string\"}],\"inLanguage\":\"tr\"},{\"@type\":\"Person\",\"@id\":\"https:\/\/ibrahimgul.com\/#\/schema\/person\/16f3c74607ea040f54b01202ebc33d64\",\"name\":\"omer\",\"image\":{\"@type\":\"ImageObject\",\"inLanguage\":\"tr\",\"@id\":\"https:\/\/ibrahimgul.com\/#\/schema\/person\/image\/\",\"url\":\"https:\/\/secure.gravatar.com\/avatar\/0109b0c2017afbade6b57c840c746b04fa76111c6418ec8f9b0dbfb26e4597e2?s=96&d=mm&r=g\",\"contentUrl\":\"https:\/\/secure.gravatar.com\/avatar\/0109b0c2017afbade6b57c840c746b04fa76111c6418ec8f9b0dbfb26e4597e2?s=96&d=mm&r=g\",\"caption\":\"omer\"},\"url\":\"https:\/\/ibrahimgul.com\/?author=2\"}]}<\/script>\n<!-- \/ Yoast SEO plugin. -->","yoast_head_json":{"title":"Gazi Abdurrahman Pa\u015fa T\u00fcrbesi \u00c7evre D\u00fczenleme ve Peyzaj \u00c7al\u0131\u015fmas\u0131 Yap\u0131ld\u0131 - \u0130brahim G\u00dcL \/ MHP Belen Belediye Ba\u015fkan Aday\u0131","robots":{"index":"noindex","follow":"follow","max-snippet":"max-snippet:-1","max-image-preview":"max-image-preview:large","max-video-preview":"max-video-preview:-1"},"og_locale":"tr_TR","og_type":"article","og_title":"Gazi Abdurrahman Pa\u015fa T\u00fcrbesi \u00c7evre D\u00fczenleme ve Peyzaj \u00c7al\u0131\u015fmas\u0131 Yap\u0131ld\u0131 - \u0130brahim G\u00dcL \/ MHP Belen Belediye Ba\u015fkan Aday\u0131","og_description":"\u201cTarihe Sayg\u0131, An\u0131ya Vefa\u201d Gazi Abdurrahman Pa\u015fa T\u00fcrbesi, Belen&#8217;in tarihine \u0131\u015f\u0131k tutan ve k\u00fclt\u00fcrel bir miras olarak \u00f6nemli bir yere sahip olan bir yap\u0131d\u0131r. Bu de\u011ferli tarihi eserin \u00e7evresinde ger\u00e7ekle\u015ftirilen \u00e7evre d\u00fczenleme ve peyzaj \u00e7al\u0131\u015fmalar\u0131, t\u00fcrbenin atmosferini g\u00fczelle\u015ftirerek ziyaret\u00e7ilere daha huzurlu ve manevi bir ortam sunmay\u0131 ama\u00e7lamaktad\u0131r. Yap\u0131lan \u00e7al\u0131\u015fmalar\u0131n \u00f6ncelikli hedeflerinden biri, t\u00fcrbenin tarihi dokusuna","og_url":"https:\/\/ibrahimgul.com\/?p=7230","og_site_name":"\u0130brahim G\u00dcL \/ MHP Belen Belediye Ba\u015fkan Aday\u0131","article_published_time":"2024-03-05T00:36:08+00:00","article_modified_time":"2024-03-05T01:16:23+00:00","og_image":[{"width":1920,"height":1080,"url":"https:\/\/ibrahimgul.com\/wp-content\/uploads\/2024\/03\/foto6.png","type":"image\/png"}],"author":"omer","twitter_card":"summary_large_image","twitter_misc":{"Yazan:":"omer","Tahmini okuma s\u00fcresi":"2 dakika"},"schema":{"@context":"https:\/\/schema.org","@graph":[{"@type":"WebPage","@id":"https:\/\/ibrahimgul.com\/?p=7230","url":"https:\/\/ibrahimgul.com\/?p=7230","name":"Gazi Abdurrahman Pa\u015fa T\u00fcrbesi \u00c7evre D\u00fczenleme ve Peyzaj \u00c7al\u0131\u015fmas\u0131 Yap\u0131ld\u0131 - \u0130brahim G\u00dcL \/ MHP Belen Belediye Ba\u015fkan Aday\u0131","isPartOf":{"@id":"https:\/\/ibrahimgul.com\/#website"},"datePublished":"2024-03-05T00:36:08+00:00","dateModified":"2024-03-05T01:16:23+00:00","author":{"@id":"https:\/\/ibrahimgul.com\/#\/schema\/person\/16f3c74607ea040f54b01202ebc33d64"},"breadcrumb":{"@id":"https:\/\/ibrahimgul.com\/?p=7230#breadcrumb"},"inLanguage":"tr","potentialAction":[{"@type":"ReadAction","target":["https:\/\/ibrahimgul.com\/?p=7230"]}]},{"@type":"BreadcrumbList","@id":"https:\/\/ibrahimgul.com\/?p=7230#breadcrumb","itemListElement":[{"@type":"ListItem","position":1,"name":"Anasayfa","item":"https:\/\/ibrahimgul.com\/"},{"@type":"ListItem","position":2,"name":"Gazi Abdurrahman Pa\u015fa T\u00fcrbesi \u00c7evre D\u00fczenleme ve Peyzaj \u00c7al\u0131\u015fmas\u0131 Yap\u0131ld\u0131"}]},{"@type":"WebSite","@id":"https:\/\/ibrahimgul.com\/#website","url":"https:\/\/ibrahimgul.com\/","name":"\u0130brahim G\u00dcL \/ MHP Belen Belediye Ba\u015fkan Aday\u0131","description":"","potentialAction":[{"@type":"SearchAction","target":{"@type":"EntryPoint","urlTemplate":"https:\/\/ibrahimgul.com\/?s={search_term_string}"},"query-input":"required name=search_term_string"}],"inLanguage":"tr"},{"@type":"Person","@id":"https:\/\/ibrahimgul.com\/#\/schema\/person\/16f3c74607ea040f54b01202ebc33d64","name":"omer","image":{"@type":"ImageObject","inLanguage":"tr","@id":"https:\/\/ibrahimgul.com\/#\/schema\/person\/image\/","url":"https:\/\/secure.gravatar.com\/avatar\/0109b0c2017afbade6b57c840c746b04fa76111c6418ec8f9b0dbfb26e4597e2?s=96&d=mm&r=g","contentUrl":"https:\/\/secure.gravatar.com\/avatar\/0109b0c2017afbade6b57c840c746b04fa76111c6418ec8f9b0dbfb26e4597e2?s=96&d=mm&r=g","caption":"omer"},"url":"https:\/\/ibrahimgul.com\/?author=2"}]}},"_links":{"self":[{"href":"https:\/\/ibrahimgul.com\/index.php?rest_route=\/wp\/v2\/posts\/7230","targetHints":{"allow":["GET"]}}],"collection":[{"href":"https:\/\/ibrahimgul.com\/index.php?rest_route=\/wp\/v2\/posts"}],"about":[{"href":"https:\/\/ibrahimgul.com\/index.php?rest_route=\/wp\/v2\/types\/post"}],"author":[{"embeddable":true,"href":"https:\/\/ibrahimgul.com\/index.php?rest_route=\/wp\/v2\/users\/2"}],"replies":[{"embeddable":true,"href":"https:\/\/ibrahimgul.com\/index.php?rest_route=%2Fwp%2Fv2%2Fcomments&post=7230"}],"version-history":[{"count":1,"href":"https:\/\/ibrahimgul.com\/index.php?rest_route=\/wp\/v2\/posts\/7230\/revisions"}],"predecessor-version":[{"id":7231,"href":"https:\/\/ibrahimgul.com\/index.php?rest_route=\/wp\/v2\/posts\/7230\/revisions\/7231"}],"wp:featuredmedia":[{"embeddable":true,"href":"https:\/\/ibrahimgul.com\/index.php?rest_route=\/wp\/v2\/media\/7135"}],"wp:attachment":[{"href":"https:\/\/ibrahimgul.com\/index.php?rest_route=%2Fwp%2Fv2%2Fmedia&parent=7230"}],"wp:term":[{"taxonomy":"category","embeddable":true,"href":"https:\/\/ibrahimgul.com\/index.php?rest_route=%2Fwp%2Fv2%2Fcategories&post=7230"},{"taxonomy":"post_tag","embeddable":true,"href":"https:\/\/ibrahimgul.com\/index.php?rest_route=%2Fwp%2Fv2%2Ftags&post=7230"}],"curies":[{"name":"wp","href":"https:\/\/api.w.org\/{rel}","templated":true}]}}